{"id":561,"date":"2019-11-07T10:29:26","date_gmt":"2019-11-07T13:29:26","guid":{"rendered":"http:\/\/www.aepi.com.br\/blog\/?p=561"},"modified":"2019-11-01T11:58:59","modified_gmt":"2019-11-01T14:58:59","slug":"movimento-solidario-aepi-do-brasil","status":"publish","type":"post","link":"https:\/\/www.aepi.com.br\/blog\/movimento-solidario-aepi-do-brasil\/","title":{"rendered":"Movimento Solid\u00e1rio AEPI do Brasil"},"content":{"rendered":"<p><img fetchpriority=\"high\" decoding=\"async\" class=\"alignnone size-full wp-image-562\" src=\"http:\/\/www.aepi.com.br\/blog\/wp-content\/uploads\/2019\/11\/MOVIMENTO-SOLIDARIO_POST.jpg\" alt=\"\" width=\"800\" height=\"800\" srcset=\"https:\/\/www.aepi.com.br\/blog\/wp-content\/uploads\/2019\/11\/MOVIMENTO-SOLIDARIO_POST.jpg 800w, https:\/\/www.aepi.com.br\/blog\/wp-content\/uploads\/2019\/11\/MOVIMENTO-SOLIDARIO_POST-150x150.jpg 150w, https:\/\/www.aepi.com.br\/blog\/wp-content\/uploads\/2019\/11\/MOVIMENTO-SOLIDARIO_POST-300x300.jpg 300w, https:\/\/www.aepi.com.br\/blog\/wp-content\/uploads\/2019\/11\/MOVIMENTO-SOLIDARIO_POST-768x768.jpg 768w\" sizes=\"(max-width: 800px) 100vw, 800px\" \/><\/p>\n<p>O mais precioso que uma pessoa pode oferecer hoje em dia, \u00e9 o pr\u00f3prio \u201ctempo\u201d, porque vivemos em um ritmo t\u00e3o acelerado, que doar tempo, \u00e9 uma d\u00e1diva dispon\u00edvel para poucos.<\/p>\n<p>Ter tempo para pensar no bem, no meio ambiente e ajudar ao pr\u00f3ximo e n\u00e3o se importar em como ou porque, \u00e9 uma forma altru\u00edsta de se viver. Junte-se ao movimento solid\u00e1rio, pois solidariedade \u00e9 amor em movimento, e gera um mundo melhor!<\/p>\n","protected":false},"excerpt":{"rendered":"<p>O mais precioso que uma pessoa pode oferecer hoje em dia, \u00e9 o pr\u00f3prio \u201ctempo\u201d, porque vivemos em um ritmo t\u00e3o acelerado, que doar tempo, \u00e9 uma d\u00e1diva dispon\u00edvel para poucos. Ter tempo para pensar no bem, no meio ambiente e ajudar ao pr\u00f3ximo e n\u00e3o se importar em como ou porque, \u00e9 uma forma &hellip; <a href=\"https:\/\/www.aepi.com.br\/blog\/movimento-solidario-aepi-do-brasil\/\" class=\"more-link\">Continuar lendo <span class=\"screen-reader-text\">Movimento Solid\u00e1rio AEPI do Brasil<\/span><\/a><\/p>\n","protected":false},"author":1,"featured_media":0,"comment_status":"open","ping_status":"open","sticky":false,"template":"","format":"standard","meta":{"footnotes":""},"categories":[1],"tags":[96,19,703,58,712,713,714,79,65,59,711,717,89,66,709,54,55,50,56,40,42,10,710,88,46,341,38,37,39,36,82,81,61,34,35,86,57,716,85,87,32,43,84,704,62,63,715,33,64,584,44,11,52,314,9,95,49,48,149,60,580,150,41],"class_list":["post-561","post","type-post","status-publish","format-standard","hentry","category-sem-categoria","tag-acoplador-capacitivo","tag-amortecedores-para-transporte","tag-anel-coletor","tag-anel-de-surto","tag-astes","tag-astes-em-fibra-de-vidro","tag-astes-para-colheitadeira-de-cafe","tag-bastao-para-isoladores-polimericos","tag-buchas-isolantes","tag-calcamento-do-nucleo","tag-canais-de-ventilacao-de-transformadores-a-seco","tag-capa-de-olhal","tag-celeron","tag-chapas-isolantes","tag-classes-f-b-e-h","tag-compositos","tag-compositos-isolantes-eletricos","tag-defletores-de-ar","tag-ensaios-em-compositos","tag-epgc","tag-epocar","tag-epoxi","tag-espacadores-em-reatores","tag-fenolite","tag-fibra-de-carbono","tag-fibra-de-vidro","tag-g10","tag-g11","tag-gpo-3","tag-isoladores","tag-isolantes-para-aerogeradores","tag-isolantes-para-hidrogeradores","tag-isolantes-para-maquinas-rotativas","tag-isolantes-para-motores","tag-isolantes-para-transformadores","tag-laminado-antiestetico","tag-laminados-isolantes","tag-maquinas-colheitadeiras-de-cafe","tag-material-antiestetico","tag-material-semicondutivo","tag-matex","tag-micasil","tag-molas-elastomericas","tag-pallets-para-soldagem","tag-pecas-injetadas-em-epoxi","tag-pecas-moldadas","tag-perfil-para-colheitadeiras-de-cafe","tag-perfil-pultrudado","tag-placas-abafadoras-de-arco","tag-poliester","tag-pultrudados","tag-pultrusao","tag-quadro-polar","tag-qualidade","tag-resina","tag-resina-epoxi","tag-resinas-formuladas","tag-sistema-de-resina-epoxi","tag-tg","tag-tirantes-e-porcas-isolantes","tag-transformadores-a-oleo","tag-transicao-vitria","tag-upgm"],"_links":{"self":[{"href":"https:\/\/www.aepi.com.br\/blog\/wp-json\/wp\/v2\/posts\/561","targetHints":{"allow":["GET"]}}],"collection":[{"href":"https:\/\/www.aepi.com.br\/blog\/wp-json\/wp\/v2\/posts"}],"about":[{"href":"https:\/\/www.aepi.com.br\/blog\/wp-json\/wp\/v2\/types\/post"}],"author":[{"embeddable":true,"href":"https:\/\/www.aepi.com.br\/blog\/wp-json\/wp\/v2\/users\/1"}],"replies":[{"embeddable":true,"href":"https:\/\/www.aepi.com.br\/blog\/wp-json\/wp\/v2\/comments?post=561"}],"version-history":[{"count":1,"href":"https:\/\/www.aepi.com.br\/blog\/wp-json\/wp\/v2\/posts\/561\/revisions"}],"predecessor-version":[{"id":563,"href":"https:\/\/www.aepi.com.br\/blog\/wp-json\/wp\/v2\/posts\/561\/revisions\/563"}],"wp:attachment":[{"href":"https:\/\/www.aepi.com.br\/blog\/wp-json\/wp\/v2\/media?parent=561"}],"wp:term":[{"taxonomy":"category","embeddable":true,"href":"https:\/\/www.aepi.com.br\/blog\/wp-json\/wp\/v2\/categories?post=561"},{"taxonomy":"post_tag","embeddable":true,"href":"https:\/\/www.aepi.com.br\/blog\/wp-json\/wp\/v2\/tags?post=561"}],"curies":[{"name":"wp","href":"https:\/\/api.w.org\/{rel}","templated":true}]}}