{"id":636,"date":"2020-03-17T16:07:16","date_gmt":"2020-03-17T19:07:16","guid":{"rendered":"http:\/\/www.aepi.com.br\/blog\/?p=636"},"modified":"2020-03-17T16:07:16","modified_gmt":"2020-03-17T19:07:16","slug":"mulheres-da-aepi-do-brasil","status":"publish","type":"post","link":"https:\/\/www.aepi.com.br\/blog\/mulheres-da-aepi-do-brasil\/","title":{"rendered":"Mulheres da AEPI do Brasil"},"content":{"rendered":"<p><img fetchpriority=\"high\" decoding=\"async\" class=\"alignnone size-full wp-image-637\" src=\"http:\/\/www.aepi.com.br\/blog\/wp-content\/uploads\/2020\/03\/MULHER.jpg\" alt=\"\" width=\"800\" height=\"800\" srcset=\"https:\/\/www.aepi.com.br\/blog\/wp-content\/uploads\/2020\/03\/MULHER.jpg 800w, https:\/\/www.aepi.com.br\/blog\/wp-content\/uploads\/2020\/03\/MULHER-150x150.jpg 150w, https:\/\/www.aepi.com.br\/blog\/wp-content\/uploads\/2020\/03\/MULHER-300x300.jpg 300w, https:\/\/www.aepi.com.br\/blog\/wp-content\/uploads\/2020\/03\/MULHER-768x768.jpg 768w\" sizes=\"(max-width: 800px) 100vw, 800px\" \/><\/p>\n<p class=\"null\"><strong>Mulheres da AEPI do Brasil<\/strong><br \/>\n<em>por Sandra Fernandes<\/em><\/p>\n<p>H\u00e1 15 anos, meu gerente me perguntou porque ele deveria me contratar, tantas coisas que me vieram a cabe\u00e7a, mas acabei respondendo o que todos dizem em entrevista de emprego.<\/p>\n<p>O meu in\u00edcio na AEPI foi desafiador, pois os produtos e solu\u00e7\u00f5es oferecidos ao mercado s\u00e3o bem t\u00e9cnicos e o aprendizado vem com o tempo, dedica\u00e7\u00e3o e disponibilidade, da pessoa, gestores e todos da empresa.<\/p>\n<p>Com o passar do tempo, fui aprendendo cada vez mais e me sentindo mais segura em rela\u00e7\u00e3o ao meu trabalho. Fui superando as expectativas, n\u00e3o somente na vida profissional, mas na pessoal tamb\u00e9m.<\/p>\n<p>Sei que tudo n\u00e3o depende somente do profissional mas das ferramentas e recursos dispon\u00edveis. Neste ponto, acredito que eu e a AEPI crescemos juntas e quando falamos de evolu\u00e7\u00e3o \u00e9 algo bem mais abrangente, mas no mundo dos neg\u00f3cios \u00e9 algo esperado de forma agressiva e r\u00e1pida.<\/p>\n<p>O que posso dizer \u00e9 que a AEPI \u00e9 uma grande empresa que vem crescendo, e como eu, superando as suas expectativas. Sabemos que juntas podemos muito mais e estamos trabalhando para isso!<br \/>\nTudo que sou como profissional eu devo a essa empresa e aos meus gestores que acreditaram em meu potencial. Agrade\u00e7o a cada um que ao longo desses anos se prop\u00f4s a dividir seus conhecimentos e experi\u00eancias comigo.<\/p>\n<p>H\u00e1 pessoas que dizem que sei muito sobre a AEPI, mas digo que tenho muito mais a aprender!<br \/>\nNo segmento que trabalhamos sempre tem algo novo, e h\u00e1 muito a ser explorado.<br \/>\nA frase que mais uso em minhas conversas \u00e9 que AMO o que eu fa\u00e7o, o tipo de produto que fabricamos e que realmente quero ver o sucesso da AEPI.<\/p>\n<p>Obrigada AEPI pela profissional que sou hoje!!!<\/p>\n","protected":false},"excerpt":{"rendered":"<p>Mulheres da AEPI do Brasil por Sandra Fernandes H\u00e1 15 anos, meu gerente me perguntou porque ele deveria me contratar, tantas coisas que me vieram a cabe\u00e7a, mas acabei respondendo o que todos dizem em entrevista de emprego. O meu in\u00edcio na AEPI foi desafiador, pois os produtos e solu\u00e7\u00f5es oferecidos ao mercado s\u00e3o bem &hellip; <a href=\"https:\/\/www.aepi.com.br\/blog\/mulheres-da-aepi-do-brasil\/\" class=\"more-link\">Continuar lendo <span class=\"screen-reader-text\">Mulheres da AEPI do Brasil<\/span><\/a><\/p>\n","protected":false},"author":1,"featured_media":0,"comment_status":"open","ping_status":"open","sticky":false,"template":"","format":"standard","meta":{"footnotes":""},"categories":[1],"tags":[],"class_list":["post-636","post","type-post","status-publish","format-standard","hentry","category-sem-categoria"],"_links":{"self":[{"href":"https:\/\/www.aepi.com.br\/blog\/wp-json\/wp\/v2\/posts\/636","targetHints":{"allow":["GET"]}}],"collection":[{"href":"https:\/\/www.aepi.com.br\/blog\/wp-json\/wp\/v2\/posts"}],"about":[{"href":"https:\/\/www.aepi.com.br\/blog\/wp-json\/wp\/v2\/types\/post"}],"author":[{"embeddable":true,"href":"https:\/\/www.aepi.com.br\/blog\/wp-json\/wp\/v2\/users\/1"}],"replies":[{"embeddable":true,"href":"https:\/\/www.aepi.com.br\/blog\/wp-json\/wp\/v2\/comments?post=636"}],"version-history":[{"count":1,"href":"https:\/\/www.aepi.com.br\/blog\/wp-json\/wp\/v2\/posts\/636\/revisions"}],"predecessor-version":[{"id":638,"href":"https:\/\/www.aepi.com.br\/blog\/wp-json\/wp\/v2\/posts\/636\/revisions\/638"}],"wp:attachment":[{"href":"https:\/\/www.aepi.com.br\/blog\/wp-json\/wp\/v2\/media?parent=636"}],"wp:term":[{"taxonomy":"category","embeddable":true,"href":"https:\/\/www.aepi.com.br\/blog\/wp-json\/wp\/v2\/categories?post=636"},{"taxonomy":"post_tag","embeddable":true,"href":"https:\/\/www.aepi.com.br\/blog\/wp-json\/wp\/v2\/tags?post=636"}],"curies":[{"name":"wp","href":"https:\/\/api.w.org\/{rel}","templated":true}]}}