{"id":70,"date":"2017-10-05T13:24:39","date_gmt":"2017-10-05T16:24:39","guid":{"rendered":"http:\/\/www.aepi.com.br\/blog\/?p=70"},"modified":"2018-05-15T15:32:39","modified_gmt":"2018-05-15T18:32:39","slug":"materiais-isolantes-para-motores-e-geradores-de-media-e-alta-tensao","status":"publish","type":"post","link":"https:\/\/www.aepi.com.br\/blog\/materiais-isolantes-para-motores-e-geradores-de-media-e-alta-tensao\/","title":{"rendered":"MATERIAIS ISOLANTES PARA MOTORES E GERADORES DE MEDIA E ALTA TENS\u00c3O"},"content":{"rendered":"<p>Itens isolantes, utilizados na fabrica\u00e7\u00e3o de maquinas rotativas, atendendo as classes t\u00e9rmicas \u201cB\u201d (130\u00b0C), \u201cF\u201d (155\u00b0C), \u201cH\u201d (180\u00b0C) e \u201cN\u201d (200\u00b0C)<\/p>\n<h3><strong>CUNHAS ISOLANTES<\/strong><\/h3>\n<p><img fetchpriority=\"high\" decoding=\"async\" class=\"alignnone size-full wp-image-71\" src=\"http:\/\/www.aepi.com.br\/blog\/wp-content\/uploads\/2017\/10\/CUNHAS_ISOLANTES.jpg\" alt=\"\" width=\"554\" height=\"485\" srcset=\"https:\/\/www.aepi.com.br\/blog\/wp-content\/uploads\/2017\/10\/CUNHAS_ISOLANTES.jpg 554w, https:\/\/www.aepi.com.br\/blog\/wp-content\/uploads\/2017\/10\/CUNHAS_ISOLANTES-300x263.jpg 300w\" sizes=\"(max-width: 554px) 100vw, 554px\" \/><\/p>\n<p><strong>DESCRI\u00c7\u00c3O<\/strong><\/p>\n<p>Cunhas e Estecas isolantes para rotor e estator de motores e Geradores.<\/p>\n<p>S\u00e3o fabricadas a partir de laminado de tecido ou manta de fibra de vidro, impregnadas com resina Epoxy.<\/p>\n<p>Classes de Temperatura \u201cF\u201d (155\u00b0C), \u201cH\u201d (180\u00b0C) e \u201cN\u201d (200\u00b0C).<\/p>\n<p><strong>APLICA\u00c7\u00c3O:<\/strong><\/p>\n<p>Fechamento de Ranhura de Motores e Geradores.<\/p>\n<p>______________________________________________________________________<\/p>\n<h3>CUNHAS MAGN\u00c9TICAS<\/h3>\n<p><img decoding=\"async\" class=\"alignnone size-full wp-image-113\" src=\"http:\/\/www.aepi.com.br\/blog\/wp-content\/uploads\/2017\/10\/CUNHAS_MAGNETICAS-1.jpg\" alt=\"\" width=\"554\" height=\"411\" srcset=\"https:\/\/www.aepi.com.br\/blog\/wp-content\/uploads\/2017\/10\/CUNHAS_MAGNETICAS-1.jpg 554w, https:\/\/www.aepi.com.br\/blog\/wp-content\/uploads\/2017\/10\/CUNHAS_MAGNETICAS-1-300x223.jpg 300w\" sizes=\"(max-width: 554px) 100vw, 554px\" \/><\/p>\n<p><strong>DESCRI\u00c7\u00c3O <\/strong><\/p>\n<p>Cunhas ou estecas magn\u00e9ticas s\u00e3o utilizadas para melhorar o desempenho magn\u00e9tico, tamanho e consequentemente os ru\u00eddos de Motores e Geradores.<\/p>\n<p>S\u00e3o fabricadas a partir do laminado <strong>TECMAG<sup>\u00ae<\/sup> H<\/strong> que \u00e9 constitu\u00eddo de resina ep\u00f3xi modificada, classe \u201cH\u201d (180 \u00b0C) e micro-esferas de ferro-sil\u00edcio, refor\u00e7ado com tecido de fibra de vidro bidirecional. Promove excelentes propriedades magn\u00e9ticas e mec\u00e2nicas para ser aplicado em cunhas magn\u00e9ticas do estator em Motores e Geradores.<\/p>\n<p><strong>APLICA\u00c7\u00c3O: <\/strong><\/p>\n<p>Estatores de M\u00e1quinas El\u00e9tricas (Motores e Geradores)<\/p>\n<p>______________________________________________________________________<\/p>\n<h3>DEFLETORES E GUIAS DE AR ISOLANTES<\/h3>\n<p><img decoding=\"async\" class=\"alignnone size-full wp-image-73\" src=\"http:\/\/www.aepi.com.br\/blog\/wp-content\/uploads\/2017\/10\/DEFLETORES.jpg\" alt=\"\" width=\"554\" height=\"208\" srcset=\"https:\/\/www.aepi.com.br\/blog\/wp-content\/uploads\/2017\/10\/DEFLETORES.jpg 554w, https:\/\/www.aepi.com.br\/blog\/wp-content\/uploads\/2017\/10\/DEFLETORES-300x113.jpg 300w\" sizes=\"(max-width: 554px) 100vw, 554px\" \/><\/p>\n<p><strong>DESCRI\u00c7\u00c3O <\/strong><\/p>\n<p>Defletores e Guias de Ar s\u00e3o produzidos a partir de laminado de resina poli\u00e9ster auto-extingu\u00edvel refor\u00e7ado com manta de vidro de fibras longas.<\/p>\n<p>Este material possui excelentes propriedades mec\u00e2nicas e el\u00e9tricas, e baixa absor\u00e7\u00e3o de \u00e1gua.<\/p>\n<p><strong>APLICA\u00c7\u00d5ES T\u00cdPICAS: <\/strong><\/p>\n<p>Geradores, motores, aparelhos eletro-eletr\u00f4nicos, defletores\/guias de ar, etc.<\/p>\n<p>Pe\u00e7as t\u00e9cnicas, podem ser produzidas em nosso setor de usinagem, mediante a apresenta\u00e7\u00e3o de desenhos ou amostras.<\/p>\n<p>______________________________________________________________________<\/p>\n<h3>DISCOS \u00a0DEFLETORES \u00a0E \u00a0SEPARADORES MATEX<sup>\u00ae<\/sup><\/h3>\n<p><img loading=\"lazy\" decoding=\"async\" class=\"alignnone size-full wp-image-77\" src=\"http:\/\/www.aepi.com.br\/blog\/wp-content\/uploads\/2017\/10\/DISCOS-DEFLETORES.jpg\" alt=\"\" width=\"554\" height=\"208\" srcset=\"https:\/\/www.aepi.com.br\/blog\/wp-content\/uploads\/2017\/10\/DISCOS-DEFLETORES.jpg 554w, https:\/\/www.aepi.com.br\/blog\/wp-content\/uploads\/2017\/10\/DISCOS-DEFLETORES-300x113.jpg 300w\" sizes=\"(max-width: 554px) 100vw, 554px\" \/><\/p>\n<p><strong>DESCRI\u00c7\u00c3O <\/strong><\/p>\n<p>Discos isolantes para an\u00e9is coletores fabricados a partir laminado ep\u00f3xi refor\u00e7ado com manta de fibra de vidro e aditivo mineral.<\/p>\n<p>Este material possui excelentes propriedades eletro-mec\u00e2nicas e baixa absor\u00e7\u00e3o de \u00e1gua. Apto a operar em ambientes com temperaturas 155 \u00b0C (Classe F), 180\u00b0C (Classe H), 200\u00b0C (Classe N).<\/p>\n<p><strong>APLICA\u00c7\u00c3O: <\/strong><\/p>\n<p>Com aplica\u00e7\u00e3o nas industrias El\u00e9tricas, Mec\u00e2nica em Geradores, Motores, Pain\u00e9is, M\u00e1quinas. Pe\u00e7as t\u00e9cnicas podem ser produzidas em nosso setor de usinagem, mediante apresenta\u00e7\u00e3o de desenho ou amostras.<\/p>\n<p>______________________________________________________________________<\/p>\n<h3>COLAR ISOLANTE DO POLO | MATEX<sup>\u00ae<\/sup><\/h3>\n<p><img loading=\"lazy\" decoding=\"async\" class=\"alignnone size-full wp-image-78\" src=\"http:\/\/www.aepi.com.br\/blog\/wp-content\/uploads\/2017\/10\/COLAR_MATEX.jpg\" alt=\"\" width=\"554\" height=\"266\" srcset=\"https:\/\/www.aepi.com.br\/blog\/wp-content\/uploads\/2017\/10\/COLAR_MATEX.jpg 554w, https:\/\/www.aepi.com.br\/blog\/wp-content\/uploads\/2017\/10\/COLAR_MATEX-300x144.jpg 300w\" sizes=\"(max-width: 554px) 100vw, 554px\" \/><\/p>\n<p>&nbsp;<\/p>\n<p><strong>DESCRI\u00c7\u00c3O <\/strong><\/p>\n<p>Colar ou quadro isolante \u00e9 utilizado na isola\u00e7\u00e3o do polos,\u00a0 fabricado a partir de um laminado ep\u00f3xi refor\u00e7ado com manta de fibra de vidro e aditivo mineral.<\/p>\n<p>O material possui excelentes propriedades eletro-mec\u00e2nicas e baixa absor\u00e7\u00e3o de \u00e1gua. Apto a operar em ambientes com temperaturas 155 \u00b0C (Classe F), 180\u00b0C (Classe H), 200\u00b0C (Classe N).<\/p>\n<p><strong>APLICA\u00c7\u00c3O: <\/strong><\/p>\n<p>Com aplica\u00e7\u00e3o nas ind\u00fastrias El\u00e9trica e Mec\u00e2nica em isola\u00e7\u00e3o inferior e superior dos polos para Hidro geradores, Turbo geradores e Motores S\u00edncronos de Alta Tens\u00e3o.<\/p>\n<p>______________________________________________________________________<\/p>\n<h3>EXPAND MATT<sup>\u00ae<\/sup><\/h3>\n<h3><img loading=\"lazy\" decoding=\"async\" class=\"alignnone size-full wp-image-79\" src=\"http:\/\/www.aepi.com.br\/blog\/wp-content\/uploads\/2017\/10\/EXPAND_MATT.jpg\" alt=\"\" width=\"554\" height=\"266\" srcset=\"https:\/\/www.aepi.com.br\/blog\/wp-content\/uploads\/2017\/10\/EXPAND_MATT.jpg 554w, https:\/\/www.aepi.com.br\/blog\/wp-content\/uploads\/2017\/10\/EXPAND_MATT-300x144.jpg 300w\" sizes=\"(max-width: 554px) 100vw, 554px\" \/><\/h3>\n<p><strong>DESCRI\u00c7\u00c3O <\/strong><\/p>\n<p><strong>LAMINADO DE MANTA DE FIBRA DE VIDRO IMPREGNADO COM RESINA DE BAIXO TG, EXPANS\u00cdVEL SOB TEMPERATURA.<\/strong><\/p>\n<p><strong>INDICA\u00c7\u00c3O:<\/strong><\/p>\n<p>Indicado para preenchimento de ranhuras e cal\u00e7os espa\u00e7adores de cabeceiras de bobinas estat\u00f3ricas em Motores e Geradores.<\/p>\n<ul>\n<li>L<strong>AMINADO DE COR VERMELHA (CATALISADO):<\/strong> indicado para impregna\u00e7\u00f5es em sistemas VPI ep\u00f3xi-anidrido com catalisador na fita de mica e no Expand Matt<sup>\u00ae<\/sup>.<\/li>\n<li><strong>LAMINADO DE COR VERDE (N\u00c3O-CATALISADO):<\/strong> indicado para sistemas de impregna\u00e7\u00e3o catalisada, que pode ser em ep\u00f3xi ou poli\u00e9ster-imida, por gotejamento ou imers\u00e3o.<\/li>\n<\/ul>\n<p>Este produto oferece excelente rigidez e permite cortar tiras estreitas em guilhotina sem se delaminar. Possui fator de expans\u00e3o de at\u00e9 quatro vezes a sua espessura nominal.<\/p>\n<p>______________________________________________________________________<\/p>\n<h3>CAPAS DE OLHAL INJETADAS | MATEX<sup>\u00ae<\/sup>APG<\/h3>\n<h3><img loading=\"lazy\" decoding=\"async\" class=\"alignnone size-full wp-image-80\" src=\"http:\/\/www.aepi.com.br\/blog\/wp-content\/uploads\/2017\/10\/CAPAS_DE_OLHAL_INJETADAS.jpg\" alt=\"\" width=\"554\" height=\"266\" srcset=\"https:\/\/www.aepi.com.br\/blog\/wp-content\/uploads\/2017\/10\/CAPAS_DE_OLHAL_INJETADAS.jpg 554w, https:\/\/www.aepi.com.br\/blog\/wp-content\/uploads\/2017\/10\/CAPAS_DE_OLHAL_INJETADAS-300x144.jpg 300w\" sizes=\"(max-width: 554px) 100vw, 554px\" \/><\/h3>\n<p><strong>DESCRI\u00c7\u00c3O <\/strong><\/p>\n<p>As capas isolantes s\u00e3o refor\u00e7adas com mantas de fibra de vidro, produzidas pelo processo APG.<\/p>\n<p>O material possui excelentes propriedades mec\u00e2nicas e el\u00e9tricas, baixa absor\u00e7\u00e3o de \u00e1gua e baixo coeficiente de contra\u00e7\u00e3o.<\/p>\n<p>S\u00e3o produzidas na classe F de temperatura.<\/p>\n<p>Este produto pode ser produzido nas seguintes cores: vermelho \u00f3xido, marrom e beje.<\/p>\n<p><strong>APLICA\u00c7\u00c3O: <\/strong><\/p>\n<p>Hidro e Turbo Geradores para isola\u00e7\u00e3o de tirantes e barras.<\/p>\n<p>______________________________________________________________________<\/p>\n<h3>BUCHAS DE PASSAGEM INJETADAS | MATEX<sup>\u00ae<\/sup>APG<\/h3>\n<p><img loading=\"lazy\" decoding=\"async\" class=\"alignnone size-full wp-image-81\" src=\"http:\/\/www.aepi.com.br\/blog\/wp-content\/uploads\/2017\/10\/BUCHAS-DE-PASSAGEM-IJETADAS.jpg\" alt=\"\" width=\"554\" height=\"200\" srcset=\"https:\/\/www.aepi.com.br\/blog\/wp-content\/uploads\/2017\/10\/BUCHAS-DE-PASSAGEM-IJETADAS.jpg 554w, https:\/\/www.aepi.com.br\/blog\/wp-content\/uploads\/2017\/10\/BUCHAS-DE-PASSAGEM-IJETADAS-300x108.jpg 300w\" sizes=\"(max-width: 554px) 100vw, 554px\" \/><\/p>\n<p><strong>DESCRI\u00c7\u00c3O <\/strong><\/p>\n<p><strong>\u00a0<\/strong>Buchas de passagem injetadas s\u00e3o produzidas pelo processo APG e tem aplica\u00e7\u00f5es em Hidro e Turbo Geradores. Este material possui excelentes propriedades mec\u00e2nicas e el\u00e9tricas e baixa absor\u00e7\u00e3o de \u00e1gua. \u00c9 produzido na classe F de temperatura.<\/p>\n<p><strong>APLICA\u00c7\u00c3O<\/strong><strong>\u00a0<\/strong><\/p>\n<ul>\n<li>Uso interno para barramento chato<\/li>\n<li>Cub\u00edculos met\u00e1licos<\/li>\n<li>Condutores para sistema de transmiss\u00e3o de energia no circuito principal entre o gerador e o transformador elevador em usinas Hidroel\u00e9tricas, Termoel\u00e9tricas ou Nucleares.<\/li>\n<\/ul>\n<p>______________________________________________________________________<\/p>\n<h3>ISOLADORES | MIX 50<\/h3>\n<p><img loading=\"lazy\" decoding=\"async\" class=\"alignnone size-full wp-image-82\" src=\"http:\/\/www.aepi.com.br\/blog\/wp-content\/uploads\/2017\/10\/MIX50.jpg\" alt=\"\" width=\"554\" height=\"200\" srcset=\"https:\/\/www.aepi.com.br\/blog\/wp-content\/uploads\/2017\/10\/MIX50.jpg 554w, https:\/\/www.aepi.com.br\/blog\/wp-content\/uploads\/2017\/10\/MIX50-300x108.jpg 300w\" sizes=\"(max-width: 554px) 100vw, 554px\" \/><\/p>\n<p><strong>DESCRI\u00c7\u00c3O <\/strong><\/p>\n<p>Isoladores moldados em poli\u00e9ster refor\u00e7ados com fibras de vidro picadas.<\/p>\n<p>Com aplica\u00e7\u00e3o na ind\u00fastria El\u00e9trica, Mec\u00e2nica, este material possui excelentes propriedades mec\u00e2nicas e el\u00e9tricas, com \u00a0baixa emiss\u00e3o de fuma\u00e7a.<\/p>\n<p><strong>APLICA\u00c7\u00d5ES T\u00cdPICAS: <\/strong><\/p>\n<p>Isoladores para cub\u00edculos de alta tens\u00e3o, pe\u00e7as moldadas para geradores e motores.<\/p>\n<p>______________________________________________________________________<\/p>\n<h3>\u00a0SELO DE VEDA\u00c7\u00c3O<\/h3>\n<p><img loading=\"lazy\" decoding=\"async\" class=\"alignnone size-full wp-image-83\" src=\"http:\/\/www.aepi.com.br\/blog\/wp-content\/uploads\/2017\/10\/SELO-DE-VEDACAO.jpg\" alt=\"\" width=\"554\" height=\"200\" srcset=\"https:\/\/www.aepi.com.br\/blog\/wp-content\/uploads\/2017\/10\/SELO-DE-VEDACAO.jpg 554w, https:\/\/www.aepi.com.br\/blog\/wp-content\/uploads\/2017\/10\/SELO-DE-VEDACAO-300x108.jpg 300w\" sizes=\"(max-width: 554px) 100vw, 554px\" \/><\/p>\n<p><strong>DESCRI\u00c7\u00c3O<\/strong><strong> | FENOLITE <\/strong><\/p>\n<p>Fabricados a partir laminados e de pap\u00e9is especiais, impregnados com resina fen\u00f3lica e aditivos de agentes modificadores, desenvolvidos para atender aos requisitos das normas Hp 2061 e Hp 2061.5, apresentando \u00f3timo desempenho mec\u00e2nico, na isola\u00e7\u00e3o el\u00e9trica em baixa e alta tens\u00f5es.<\/p>\n<p><strong>FENOLITE XXX:<\/strong> Laminado Fen\u00f3lico com elevadas caracter\u00edsticas eletromec\u00e2nicas. Isolante de alta tens\u00e3o, baixa absor\u00e7\u00e3o de \u00e1gua.<\/p>\n<p><strong>DIMENS\u00d5ES<\/strong><strong>:<\/strong> Espessura 0,5 a 25 mm; Largura de 1000 mm; Comprimento de 1250 mm. Pe\u00e7as t\u00e9cnicas s\u00e3o produzidas em nosso setor de usinagem, mediante a apresenta\u00e7\u00e3o de desenhos e amostras.<\/p>\n<p><strong>Cor laranja.<\/strong><\/p>\n<p><strong>APLICA\u00c7\u00c3O<\/strong><\/p>\n<p>Isoladores para barramentos de conex\u00e3o el\u00e9tricas para uma vasta gama de produtos.<\/p>\n<p>______________________________________________________________________<\/p>\n<h3>JUNTA DO CARTER<\/h3>\n<p><img loading=\"lazy\" decoding=\"async\" class=\"alignnone size-full wp-image-84\" src=\"http:\/\/www.aepi.com.br\/blog\/wp-content\/uploads\/2017\/10\/JUNTA-DO-CARTER.jpg\" alt=\"\" width=\"554\" height=\"420\" srcset=\"https:\/\/www.aepi.com.br\/blog\/wp-content\/uploads\/2017\/10\/JUNTA-DO-CARTER.jpg 554w, https:\/\/www.aepi.com.br\/blog\/wp-content\/uploads\/2017\/10\/JUNTA-DO-CARTER-300x227.jpg 300w\" sizes=\"(max-width: 554px) 100vw, 554px\" \/><\/p>\n<p><strong>DESCRI\u00c7\u00c3O | CELERON<\/strong><\/p>\n<p><strong>\u00a0<\/strong>Produzido atrav\u00e9s de laminado de tecido de algod\u00e3o especial, impregnado com resina fen\u00f3lica.<\/p>\n<p>Este material est\u00e1 apto a operar em temperaturas de at\u00e9 125 \u00b0C, apresentando boas propriedades mec\u00e2nicas. O Celeron El\u00e9trico, al\u00e9m da sua grande resist\u00eancia mec\u00e2nica, possui excelentes propriedades diel\u00e9tricas.<\/p>\n<p><strong>Aplica\u00e7\u00f5es t\u00edpicas<\/strong><\/p>\n<p><strong>\u00a0<\/strong>Junta do c\u00e1rter de Turbinas.<\/p>\n<p>______________________________________________________________________<\/p>\n<h3>PE\u00c7AS T\u00c9CNICAS<\/h3>\n<p><img loading=\"lazy\" decoding=\"async\" class=\"alignnone size-full wp-image-85\" src=\"http:\/\/www.aepi.com.br\/blog\/wp-content\/uploads\/2017\/10\/PECAS-TECNICAS.jpg\" alt=\"\" width=\"554\" height=\"316\" srcset=\"https:\/\/www.aepi.com.br\/blog\/wp-content\/uploads\/2017\/10\/PECAS-TECNICAS.jpg 554w, https:\/\/www.aepi.com.br\/blog\/wp-content\/uploads\/2017\/10\/PECAS-TECNICAS-300x171.jpg 300w\" sizes=\"(max-width: 554px) 100vw, 554px\" \/><\/p>\n<p><strong>DESCRI\u00c7\u00c3O <\/strong><\/p>\n<p>Pe\u00e7as fabricadas a partir de um laminado ep\u00f3xi refor\u00e7ado com manta de fibra de vidro e aditivo mineral.<\/p>\n<p>Com aplica\u00e7\u00e3o nas ind\u00fastrias El\u00e9trica e Mec\u00e2nica, este material possui excelentes propriedades eletromec\u00e2nicas e baixa absor\u00e7\u00e3o de \u00e1gua. Apto a operar em ambientes com temperaturas 155 \u00b0C (Classe F), 180\u00b0C (Classe H), 200\u00b0C (Classe N).<\/p>\n<p><strong>APLICA\u00c7\u00d5ES T\u00cdPICAS: <\/strong><\/p>\n<p>Geradores, Motores, Pain\u00e9is, M\u00e1quinas etc. Pe\u00e7as t\u00e9cnicas podem ser produzidas em nosso setor de usinagem, mediante apresenta\u00e7\u00e3o de desenho ou amostras.<\/p>\n<p>______________________________________________________________________<\/p>\n<p><a href=\"http:\/\/www.aepi.com.br\/pt\/contato.html\">CLIQUE AQUI PARA MAIORES INFORMA\u00c7\u00d5ES<\/a><\/p>\n","protected":false},"excerpt":{"rendered":"<p>Itens isolantes, utilizados na fabrica\u00e7\u00e3o de maquinas rotativas, atendendo as classes t\u00e9rmicas \u201cB\u201d (130\u00b0C), \u201cF\u201d (155\u00b0C), \u201cH\u201d (180\u00b0C) e \u201cN\u201d (200\u00b0C) CUNHAS ISOLANTES DESCRI\u00c7\u00c3O Cunhas e Estecas isolantes para rotor e estator de motores e Geradores. S\u00e3o fabricadas a partir de laminado de tecido ou manta de fibra de vidro, impregnadas com resina Epoxy. Classes &hellip; <a href=\"https:\/\/www.aepi.com.br\/blog\/materiais-isolantes-para-motores-e-geradores-de-media-e-alta-tensao\/\" class=\"more-link\">Continuar lendo <span class=\"screen-reader-text\">MATERIAIS ISOLANTES PARA MOTORES E GERADORES DE MEDIA E ALTA TENS\u00c3O<\/span><\/a><\/p>\n","protected":false},"author":1,"featured_media":0,"comment_status":"open","ping_status":"open","sticky":false,"template":"","format":"standard","meta":{"footnotes":""},"categories":[25,24,5],"tags":[58,30,65,59,53,66,54,55,51,26,50,56,40,42,46,38,37,39,29,36,31,61,34,35,27,57,32,43,62,63,45,33,64,44,11,52,47,49,28,48,60,41],"class_list":["post-70","post","type-post","status-publish","format-standard","hentry","category-materiais-isolantes","category-materiais-para-geradores","category-matex","tag-anel-de-surto","tag-buchas-de-passagem","tag-buchas-isolantes","tag-calcamento-do-nucleo","tag-capa-do-olhal","tag-chapas-isolantes","tag-compositos","tag-compositos-isolantes-eletricos","tag-cunhas-isolantes","tag-cunhas-magneticas","tag-defletores-de-ar","tag-ensaios-em-compositos","tag-epgc","tag-epocar","tag-fibra-de-carbono","tag-g10","tag-g11","tag-gpo-3","tag-isolador-mix50","tag-isoladores","tag-isolantes-eletricos","tag-isolantes-para-maquinas-rotativas","tag-isolantes-para-motores","tag-isolantes-para-transformadores","tag-junta-do-carter","tag-laminados-isolantes","tag-matex","tag-micasil","tag-pecas-injetadas-em-epoxi","tag-pecas-moldadas","tag-pellets-para-soldagem","tag-perfil-pultrudado","tag-placas-abafadoras-de-arco","tag-pultrudados","tag-pultrusao","tag-quadro-polar","tag-resinas-epoxi","tag-resinas-formuladas","tag-selo-de-vedacao","tag-sistema-de-resina-epoxi","tag-tirantes-e-porcas-isolantes","tag-upgm"],"_links":{"self":[{"href":"https:\/\/www.aepi.com.br\/blog\/wp-json\/wp\/v2\/posts\/70","targetHints":{"allow":["GET"]}}],"collection":[{"href":"https:\/\/www.aepi.com.br\/blog\/wp-json\/wp\/v2\/posts"}],"about":[{"href":"https:\/\/www.aepi.com.br\/blog\/wp-json\/wp\/v2\/types\/post"}],"author":[{"embeddable":true,"href":"https:\/\/www.aepi.com.br\/blog\/wp-json\/wp\/v2\/users\/1"}],"replies":[{"embeddable":true,"href":"https:\/\/www.aepi.com.br\/blog\/wp-json\/wp\/v2\/comments?post=70"}],"version-history":[{"count":8,"href":"https:\/\/www.aepi.com.br\/blog\/wp-json\/wp\/v2\/posts\/70\/revisions"}],"predecessor-version":[{"id":223,"href":"https:\/\/www.aepi.com.br\/blog\/wp-json\/wp\/v2\/posts\/70\/revisions\/223"}],"wp:attachment":[{"href":"https:\/\/www.aepi.com.br\/blog\/wp-json\/wp\/v2\/media?parent=70"}],"wp:term":[{"taxonomy":"category","embeddable":true,"href":"https:\/\/www.aepi.com.br\/blog\/wp-json\/wp\/v2\/categories?post=70"},{"taxonomy":"post_tag","embeddable":true,"href":"https:\/\/www.aepi.com.br\/blog\/wp-json\/wp\/v2\/tags?post=70"}],"curies":[{"name":"wp","href":"https:\/\/api.w.org\/{rel}","templated":true}]}}